{"id":561,"date":"2023-10-16T08:11:03","date_gmt":"2023-10-16T08:11:03","guid":{"rendered":"https:\/\/fr.hopeuni.com\/?p=561"},"modified":"2023-10-16T08:11:03","modified_gmt":"2023-10-16T08:11:03","slug":"201-apple-devoile-le-casque-de-realite-virtuelle-vision-pro-preparez-vous-a-un-flop-epique","status":"publish","type":"post","link":"https:\/\/richpravda.com\/fr\/201-apple-devoile-le-casque-de-realite-virtuelle-vision-pro-preparez-vous-a-un-flop-epique\/","title":{"rendered":"201. Apple d\u00e9voile le casque de r\u00e9alit\u00e9 virtuelle Vision Pro : Pr\u00e9parez-vous \u00e0 un flop \u00e9pique !\u00a0\u00bb"},"content":{"rendered":"\n<p><\/p>\n\n\n\n<p><\/p>\n\n\n\n<figure class=\"wp-block-image size-large\"><img decoding=\"async\" src=\"https:\/\/fr.dreamlife.cool\/wp-content\/uploads\/2023\/06\/Apple_Vision_Pro_2023_annonce-1024x677.png\" alt=\"\" class=\"wp-image-2168\"\/><\/figure>\n\n\n\n<p><\/p>\n\n\n\n<p>La firme \u00e0 la pomme a encore une fois tent\u00e9 de conqu\u00e9rir le march\u00e9 de la r\u00e9alit\u00e9 virtuelle avec le lancement de son nouveau casque de r\u00e9alit\u00e9 virtuelle <strong>Vision Pro<\/strong>. <\/p>\n\n\n\n<p>Cependant, nous sommes convaincus que cet appareil est destin\u00e9 \u00e0 \u00eatre un v\u00e9ritable fiasco, du moins dans sa premi\u00e8re version. <\/p>\n\n\n\n<p>Bien s\u00fbr, Apple fera un certain nombre de vente, comme un YouTubeur c\u00e9l\u00e8bre fait toujours quelques ventes m\u00eame en sortant un produit inutile ou un livre \u00e9crit avec chat GPT ! Apple dispose en effet de nombreux fans hardcore qui ach\u00e8tent n&rsquo;importe quel produit, m\u00eame avant leur sortie.<\/p>\n\n\n\n<p>Dans cet article, nous vous expliquerons pourquoi seuls quelques gamers marginaux et des fanboys Apple t\u00e9m\u00e9raires se lanceront dans cette aventure, et pourquoi le Vision Pro ne sera jamais \u00e0 la hauteur de l&rsquo;iPhone ou de l&rsquo;iPad<\/p>\n\n\n\n<p><\/p>\n\n\n\n<p><\/p>\n\n\n\n<p><\/p>\n\n\n\n<h2 class=\"wp-block-heading\">Une exp\u00e9rience exclusive pour les quelques gamers curieux<\/h2>\n\n\n\n<p><\/p>\n\n\n\n<p>Le Vision Pro, avec son prix exorbitant et sa compatibilit\u00e9 limit\u00e9e, sera r\u00e9serv\u00e9 \u00e0 une poign\u00e9e de gamers intr\u00e9pides. Mais soyons r\u00e9alistes, qui voudrait investir une somme consid\u00e9rable dans un casque de r\u00e9alit\u00e9 virtuelle qui n&rsquo;offre pas les m\u00eames fonctionnalit\u00e9s que les t\u00e9nors du march\u00e9 tels que le Meta Quest 2 ou le Meta Quest 3 ? Les vrais gamers savent que le choix du bon mat\u00e9riel est essentiel, et Apple n&rsquo;a pas r\u00e9ussi \u00e0 les convaincre cette fois-ci.<\/p>\n\n\n\n<p><\/p>\n\n\n\n<h2 class=\"wp-block-heading\">Pas si gamer friendly que \u00e7a, Apple!<\/h2>\n\n\n\n<p>Alors que la plupart des gamers pr\u00e9f\u00e8rent Windows pour leurs sessions de jeu, Apple a choisi de rendre le Vision Pro exclusivement compatible avec ses propres appareils. Ce choix \u00e9litiste laisse de nombreux utilisateurs dans l&rsquo;incapacit\u00e9 de profiter pleinement de leurs jeux pr\u00e9f\u00e9r\u00e9s. On ne peut s&#8217;emp\u00eacher de se demander si Apple a vraiment pris en compte les besoins de la communaut\u00e9 des gamers ou s&rsquo;il cherche simplement \u00e0 promouvoir son \u00e9cosyst\u00e8me ferm\u00e9.<\/p>\n\n\n\n<p><\/p>\n\n\n\n<p><\/p>\n\n\n\n<h2 class=\"wp-block-heading\">Fanboys, \u00e0 vos portefeuilles !<\/h2>\n\n\n\n<p><\/p>\n\n\n\n<p>Bien s\u00fbr, nous savons tous que les fanboys Apple sont pr\u00eats \u00e0 vider leur compte en banque pour n&rsquo;importe quel produit estampill\u00e9 de la pomme. Cependant, m\u00eame leur loyaut\u00e9 sans faille ne suffira pas \u00e0 propulser le Vision Pro vers le succ\u00e8s stratosph\u00e9rique de l&rsquo;iPhone ou de l&rsquo;iPad. L&rsquo;attrait d&rsquo;un nouveau gadget Apple ne peut masquer les lacunes de ce casque de r\u00e9alit\u00e9 virtuelle.<\/p>\n\n\n\n<p><\/p>\n\n\n\n<p><\/p>\n\n\n\n<h2 class=\"wp-block-heading\">Le vrai probl\u00e8me : beaucoup trop volumineux<\/h2>\n\n\n\n<p><\/p>\n\n\n\n<blockquote class=\"wp-block-quote is-layout-flow wp-block-quote-is-layout-flow\">\n<p>Que l&rsquo;on soit clair, les talentueux ing\u00e9nieurs e designer d&rsquo;Apple ont fait leur maximum pour rendre ce futur casque aussi fin que possible&#8230; mais cette fois ci, ce n&rsquo;est pas suffisant !<\/p>\n\n\n\n<p><\/p>\n<\/blockquote>\n\n\n\n<figure class=\"wp-block-pullquote\"><blockquote><p>Ce nouveau casque Vision Pro ne sera pas adopt\u00e9 par le grand public en raison de sa taille imposante. Il n&rsquo;est tout simplement pas naturel de porter un tel appareil encombrant sur les yeux. <\/p><\/blockquote><\/figure>\n\n\n\n<p>\u00c0 la limite, un appareil au format des fameuses \u00ab\u00a0Google Glass\u00a0\u00bb, qui avaient d\u00e9j\u00e0 fait un flop il y a 10 ans, pourrait trouver une place. Mais avoir ce gros machin sur les yeux n&rsquo;est tout simplement pas pratique ni esth\u00e9tique. De plus, le Vision Pro ne permet pas v\u00e9ritablement de se balader dans la rue, ce qui limite consid\u00e9rablement son utilit\u00e9 et son attrait.<\/p>\n\n\n\n<p><\/p>\n\n\n\n<p>Apple a encore une fois tent\u00e9 de se frayer un chemin dans le domaine de la r\u00e9alit\u00e9 virtuelle avec le Vision Pro, mais nous sommes convaincus que cela sera un \u00e9chec cuisant. <\/p>\n\n\n\n<p>Le manque de fonctionnalit\u00e9s, la compatibilit\u00e9 restreinte, le prix exorbitant et la taille imposante du casque sont autant de raisons pour lesquelles il ne s\u00e9duira pas le grand public. <\/p>\n\n\n\n<p><\/p>\n\n\n\n<h2 class=\"wp-block-heading\">Toutefois, si la technologie est v\u00e9ritablement prometteuse, il faudra envisager de la rendre plus petite et plus transparente pour augmenter ses chances de succ\u00e8s. <\/h2>\n\n\n\n<figure class=\"wp-block-pullquote\"><blockquote><p>Un casque de r\u00e9alit\u00e9 virtuelle de l&rsquo;\u00e9paisseur d&rsquo;une feuille de carton, rappelant les bandeaux pour dormir, pourrait offrir une alternative int\u00e9ressante. <\/p><\/blockquote><\/figure>\n\n\n\n<p>Dans ce sc\u00e9nario, les composants informatiques pourraient \u00eatre int\u00e9gr\u00e9s \u00e0 un bloc batterie externe, r\u00e9duisant ainsi la taille et le poids de l&rsquo;appareil. <\/p>\n\n\n\n<p>Cette approche innovante pourrait susciter l&rsquo;int\u00e9r\u00eat du public et ouvrir de nouvelles perspectives pour l&rsquo;avenir de la r\u00e9alit\u00e9 virtuelle.<\/p>\n","protected":false},"excerpt":{"rendered":"<p>La firme \u00e0 la pomme a encore une fois tent\u00e9 de conqu\u00e9rir le march\u00e9 de la r\u00e9alit\u00e9 virtuelle avec le lancement de son nouveau casque de r\u00e9alit\u00e9 virtuelle Vision Pro. Cependant, nous sommes convaincus que cet appareil est destin\u00e9 \u00e0 \u00eatre un v\u00e9ritable fiasco, du moins dans sa premi\u00e8re version. Bien s\u00fbr, Apple fera un &hellip; <\/p>\n<p><a class=\"more-link btn\" href=\"https:\/\/richpravda.com\/fr\/201-apple-devoile-le-casque-de-realite-virtuelle-vision-pro-preparez-vous-a-un-flop-epique\/\">Lire la suite<\/a><\/p>\n","protected":false},"author":1,"featured_media":0,"comment_status":"open","ping_status":"open","sticky":false,"template":"","format":"standard","meta":{"pagelayer_contact_templates":[],"_pagelayer_content":"","footnotes":""},"categories":[70],"tags":[],"class_list":["post-561","post","type-post","status-publish","format-standard","hentry","category-divers","item-wrap"],"_links":{"self":[{"href":"https:\/\/richpravda.com\/fr\/wp-json\/wp\/v2\/posts\/561","targetHints":{"allow":["GET"]}}],"collection":[{"href":"https:\/\/richpravda.com\/fr\/wp-json\/wp\/v2\/posts"}],"about":[{"href":"https:\/\/richpravda.com\/fr\/wp-json\/wp\/v2\/types\/post"}],"author":[{"embeddable":true,"href":"https:\/\/richpravda.com\/fr\/wp-json\/wp\/v2\/users\/1"}],"replies":[{"embeddable":true,"href":"https:\/\/richpravda.com\/fr\/wp-json\/wp\/v2\/comments?post=561"}],"version-history":[{"count":0,"href":"https:\/\/richpravda.com\/fr\/wp-json\/wp\/v2\/posts\/561\/revisions"}],"wp:attachment":[{"href":"https:\/\/richpravda.com\/fr\/wp-json\/wp\/v2\/media?parent=561"}],"wp:term":[{"taxonomy":"category","embeddable":true,"href":"https:\/\/richpravda.com\/fr\/wp-json\/wp\/v2\/categories?post=561"},{"taxonomy":"post_tag","embeddable":true,"href":"https:\/\/richpravda.com\/fr\/wp-json\/wp\/v2\/tags?post=561"}],"curies":[{"name":"wp","href":"https:\/\/api.w.org\/{rel}","templated":true}]}}